{"id":2336,"date":"2023-06-29T11:21:25","date_gmt":"2023-06-29T11:21:25","guid":{"rendered":"https:\/\/mhgmesskirch.de\/mhg\/?p=2336"},"modified":"2023-06-29T11:21:25","modified_gmt":"2023-06-29T11:21:25","slug":"leistungskurs-franzoesisch-besucht-paris","status":"publish","type":"post","link":"https:\/\/mhgmesskirch.de\/mhg\/?p=2336","title":{"rendered":"Leistungskurs Franz\u00f6sisch besucht Paris"},"content":{"rendered":"\n<figure class=\"wp-block-image size-full\"><img loading=\"lazy\" decoding=\"async\" width=\"768\" height=\"763\" src=\"https:\/\/mhgmesskirch.de\/mhg\/wp-content\/uploads\/2023\/06\/Paris-1.jpg\" alt=\"\" class=\"wp-image-2337\"\/><\/figure>\n\n\n\n<p>Vor kurzem begaben sich die Sch\u00fcler*innen des Franz\u00f6sisch-Leistungskurses der Klasse 12 des Martin-Heidegger-Gymnasiums in Begleitung ihres Lehrers, Herrn Fleisch, nach Paris. Nach der schnellen Zugfahrt im TGV in Paris angekommen, ging es mit der Metro direkt zum nah am Zentrum liegendem Hotel. Zuerst wurde ein typisch franz\u00f6sischer Einkauf get\u00e4tigt, um den Abend mit einem Picknick entspannt am leuchtenden und zur vollen Stunde glitzernden Eiffelturm ausklingen zu lassen. Dort wurde der Geburtstag einer Sch\u00fclerin gefeiert und der erste Tag in Frankreichs Hauptstadt genossen. Nach einem gemeinsamen Fr\u00fchst\u00fcck im Hotel ging es zu einer Sightseeing-Tour, bei der der Arc de Triomphe und die Kathedrale Notre-Dame besichtigt wurden. Au\u00dferdem schlenderten die Sch\u00fcler*innen \u00fcber die bekannte Avenue des Champs-\u00c9lys\u00e9es.<\/p>\n\n\n\n<p>W\u00e4hrend der Reise, waren die Sch\u00fcler*innen immer wieder in Kontakt mit Muttersprachlern und haben dank verschiedener Organisationsaufgaben vor Ort ihr Franz\u00f6sisch unter Beweis gestellt. Ein Tag verbrachte der Franz\u00f6sischkurs in einem der eindrucksvollsten Schl\u00f6sser Frankreichs: im Ch\u00e2teau de Versailles. Bei der Besichtigung konnte man den Spiegelsaal, die k\u00f6niglichen Gem\u00e4cher und den Garten von Versailles sehen.<\/p>\n\n\n\n<p>Am n\u00e4chsten Tag wurde der Eiffelturm nochmal bei Tag besucht und die Sch\u00fcler*innen machten sich auf den Weg zu zahlreichen ber\u00fchmtesten Kunstwerken, die im Mus\u00e9e du Louvre ausgestellt sind. Besonders beeindruckt waren sie von der Mona Lisa und der Venus von Milo. Ein Highlight der Reise war das Besteigen des Tour Montparnasse, denn auf dem Turm hatte man eine 360 Grad Sicht \u00fcber Paris.<\/p>\n\n\n\n<p>Den letzten Tag verbrachten die Sch\u00fcler*innen im Quartier Latin, wo sie unter anderem das Panth\u00e9on besichtigten. Vor einer Bootstour auf der Seine, picknickten sie im wundersch\u00f6nen Jardin du Luxembourg. Als Abschluss der Reise, lie\u00dfen sie den Abend am Sacr\u00e9-Coeur ausklingen.<\/p>\n\n\n\n<p>Mit wundervollen Erinnerungen und um einige Erfahrungen reicher nach dieser unvergesslichen Reise, freuten sich die Sch\u00fcler*innen wieder auf ihre Heimat.<\/p>\n","protected":false},"excerpt":{"rendered":"<p>Vor kurzem begaben sich die Sch\u00fcler*innen des Franz\u00f6sisch-Leistungskurses der Klasse 12 des Martin-Heidegger-Gymnasiums in Begleitung ihres Lehrers, Herrn Fleisch, nach Paris. Nach der schnellen Zugfahrt im TGV in Paris angekommen, ging es mit der Metro direkt zum nah am Zentrum liegendem Hotel. Zuerst wurde ein typisch franz\u00f6sischer Einkauf get\u00e4tigt, um den Abend mit einem Picknick [&hellip;]<\/p>\n","protected":false},"author":3,"featured_media":2337,"comment_status":"open","ping_status":"closed","sticky":false,"template":"","format":"standard","meta":{"footnotes":""},"categories":[1],"tags":[],"class_list":["post-2336","post","type-post","status-publish","format-standard","has-post-thumbnail","hentry","category-uncategorized"],"_links":{"self":[{"href":"https:\/\/mhgmesskirch.de\/mhg\/index.php?rest_route=\/wp\/v2\/posts\/2336","targetHints":{"allow":["GET"]}}],"collection":[{"href":"https:\/\/mhgmesskirch.de\/mhg\/index.php?rest_route=\/wp\/v2\/posts"}],"about":[{"href":"https:\/\/mhgmesskirch.de\/mhg\/index.php?rest_route=\/wp\/v2\/types\/post"}],"author":[{"embeddable":true,"href":"https:\/\/mhgmesskirch.de\/mhg\/index.php?rest_route=\/wp\/v2\/users\/3"}],"replies":[{"embeddable":true,"href":"https:\/\/mhgmesskirch.de\/mhg\/index.php?rest_route=%2Fwp%2Fv2%2Fcomments&post=2336"}],"version-history":[{"count":1,"href":"https:\/\/mhgmesskirch.de\/mhg\/index.php?rest_route=\/wp\/v2\/posts\/2336\/revisions"}],"predecessor-version":[{"id":2338,"href":"https:\/\/mhgmesskirch.de\/mhg\/index.php?rest_route=\/wp\/v2\/posts\/2336\/revisions\/2338"}],"wp:featuredmedia":[{"embeddable":true,"href":"https:\/\/mhgmesskirch.de\/mhg\/index.php?rest_route=\/wp\/v2\/media\/2337"}],"wp:attachment":[{"href":"https:\/\/mhgmesskirch.de\/mhg\/index.php?rest_route=%2Fwp%2Fv2%2Fmedia&parent=2336"}],"wp:term":[{"taxonomy":"category","embeddable":true,"href":"https:\/\/mhgmesskirch.de\/mhg\/index.php?rest_route=%2Fwp%2Fv2%2Fcategories&post=2336"},{"taxonomy":"post_tag","embeddable":true,"href":"https:\/\/mhgmesskirch.de\/mhg\/index.php?rest_route=%2Fwp%2Fv2%2Ftags&post=2336"}],"curies":[{"name":"wp","href":"https:\/\/api.w.org\/{rel}","templated":true}]}}