{"id":2437,"date":"2023-10-10T06:07:14","date_gmt":"2023-10-10T06:07:14","guid":{"rendered":"https:\/\/mhgmesskirch.de\/mhg\/?p=2437"},"modified":"2023-11-10T14:11:05","modified_gmt":"2023-11-10T14:11:05","slug":"schullandheim-der-klassen-6a-und-6b","status":"publish","type":"post","link":"https:\/\/mhgmesskirch.de\/mhg\/?p=2437","title":{"rendered":"Schullandheim der Klassen 6a und 6b"},"content":{"rendered":"\n<p>Der Namensgeber des Martin-Heidegger-Gymnasiums hatte neben Me\u00dfkirch noch eine weitere Heimat: Die Gemeinde Todtnauberg im Schwarzwald. Martin Heidegger verbrachte eine nicht unbetr\u00e4chtliche Zeit seines Lebens in einer H\u00fctte nicht weit von der Jugendherberge, in der die Klassen 6a und 6b dieses Jahr ihr Schullandheim verbringen durften.<\/p>\n\n\n<div class=\"wp-block-image\">\n<figure class=\"aligncenter size-full is-resized\"><img loading=\"lazy\" decoding=\"async\" src=\"https:\/\/mhgmesskirch.de\/mhg\/wp-content\/uploads\/2023\/09\/IMG_20230923_102230017_HDR.jpg\" alt=\"\" class=\"wp-image-2442\" width=\"569\" height=\"427\"\/><\/figure>\n<\/div>\n\n\n<p>Gleich am ersten Tag wurde dementsprechend der Martin-Heidegger-Rundweg abgelaufen. Ein sch\u00f6ner Feldweg (!) f\u00fchrte vorbei an verschiedenen Infotafeln zu Heideggers Leben, Aussichtspunkten, der Fatima-Ged\u00e4chtniskapelle und nat\u00fcrlich an jener H\u00fctte, wo Martin Heidegger mit seiner Familie gelebt hat.<\/p>\n\n\n\n<p>Am n\u00e4chsten Tag stand Erlebnisp\u00e4dagogik auf dem Programm. Es wurde viele Herausforderungen gemeistert: unter anderem mussten ein Gummihuhn, ein Hammer und eine Gie\u00dfkanne  mittels Seil und Kletterwerkzeug aus einem Lava-See gerettet werden, beim Bogenschie\u00dfen bewiesen die Sch\u00fcler*innen ihr Geschick und erlegten so manchen Luftballon, weiterhin wurde das Entz\u00fcnden eines Feuers ohne Feuerzeug oder Streichh\u00f6lzer (mit anschlie\u00dfendem \u00c4pfel braten) erlernt.<\/p>\n\n\n\n<p class=\"has-text-align-center\"><img loading=\"lazy\" decoding=\"async\" width=\"400\" height=\"300\" class=\"wp-image-2443\" style=\"width: 400px;\" src=\"https:\/\/mhgmesskirch.de\/mhg\/wp-content\/uploads\/2023\/09\/IMG_20230924_101311059_HDR.jpg\" alt=\"\">   <img loading=\"lazy\" decoding=\"async\" width=\"400\" height=\"300\" class=\"wp-image-2444\" style=\"width: 400px;\" src=\"https:\/\/mhgmesskirch.de\/mhg\/wp-content\/uploads\/2023\/09\/IMG_20230924_102153401_HDR.jpg\" alt=\"\"><\/p>\n\n\n\n<p>Todtnauberg ist unter anderem ber\u00fchmt f\u00fcr die Todtnauer Wasserf\u00e4lle und die sich dar\u00fcber erstreckende 450m lange BLACKFORESTLINE-H\u00e4ngebr\u00fccke. Nach einem Gang \u00fcber die 120 m hohe Br\u00fccke wurde der Abstieg bis hinunter ans Ende der Wasserf\u00e4lle gewagt. Ein beeindruckendes Naturschauspiel.<\/p>\n\n\n\n<p class=\"has-text-align-center\"><img loading=\"lazy\" decoding=\"async\" width=\"532\" height=\"399\" class=\"wp-image-2439\" style=\"width: 532px;\" src=\"https:\/\/mhgmesskirch.de\/mhg\/wp-content\/uploads\/2023\/09\/P9250310.jpg\" alt=\"\"> <img loading=\"lazy\" decoding=\"async\" width=\"300\" height=\"400\" class=\"wp-image-2438\" style=\"width: 300px;\" src=\"https:\/\/mhgmesskirch.de\/mhg\/wp-content\/uploads\/2023\/09\/P9250328.jpg\" alt=\"\"><\/p>\n\n\n\n<p>Tags darauf stand die Schwarzwaldhauptstadt Freiburg auf dem Programm. Nach einem gemeinsamen Mittagessen im Innenhof der Universit\u00e4t wurde nat\u00fcrlich auch der \u00f6rtliche Einzelhandel unterst\u00fctzt. Aber nat\u00fcrlich kam auch das kulturelle Programm nicht zu kurz, eine kleine Stadtf\u00fchrung inklusive Besichtigung des M\u00fcnsters durfte selbstverst\u00e4ndlich nicht fehlen. Da beide Klassen im Schuljahr 2022\/2023 beim Schulradeln und der WeltFAIRsteher-Challenge jeweils einen Eisgutschein gewonnen hatten, wurde das gute Wetter genutzt, diesen einzul\u00f6sen.<a href=\"https:\/\/photos.google.com\/album\/AF1QipNY46eofu-UMOQ-WTFh8emOcvu3UUYewa99g7O-\/photo\/AF1QipOvD0aLSdGffNwjSQP0fhvqoXsH20SI5vS8a90O\"><\/a><\/p>\n\n\n<div class=\"wp-block-image\">\n<figure class=\"aligncenter size-full is-resized\"><img loading=\"lazy\" decoding=\"async\" src=\"https:\/\/mhgmesskirch.de\/mhg\/wp-content\/uploads\/2023\/09\/IMG_20230926_125046072_HDR.jpg\" alt=\"\" class=\"wp-image-2440\" width=\"587\" height=\"440\"\/><\/figure>\n<\/div>\n\n\n<p>Der Feldberg ist nicht nur der h\u00f6chste Berg Baden-W\u00fcrttembergs, auch ist sein Gipfel von der Jugendherberge Todtnauberg in einem zweist\u00fcndigen Marsch zu erreichen. Bei sch\u00f6nstem Wetter machte sich ein Teil der Gruppe auf, eben diesen Berg zu besteigen um sich anschlie\u00dfend mit einer herrlichen Aussicht \u00fcber den ganzen Schwarzwald und einer anschlie\u00dfenden Gondelfahrt zu belohnen. Der andere Teil durfte den \u201eWald- und Sinnespfad Horneradsch\u201c ablaufen. Zusammen mit Horneradsch, aus der Familie der Bergtrolle wurde sein Zuhause, sein Wald erkundet. Hier gab es viele Stationen zum Staunen, Entdecken und Ausprobieren.<\/p>\n\n\n<div class=\"wp-block-image\">\n<figure class=\"aligncenter size-full is-resized\"><img loading=\"lazy\" decoding=\"async\" src=\"https:\/\/mhgmesskirch.de\/mhg\/wp-content\/uploads\/2023\/09\/IMG_20230927_102418851_HDR.jpg\" alt=\"\" class=\"wp-image-2441\" width=\"605\" height=\"454\"\/><\/figure>\n<\/div>\n\n\n<p>Am letzten Tag wurde der Steinwasenpark in Oberried besucht. Nach einer kleinen Tierrallye wurden auch die Sommerrodelbahn, die Wasserbahn und die Indoor-Coaster unsicher gemacht.<\/p>\n\n\n\n<p>Das Wetter war die ganze Zeit hervorragend, die Stimmung war stets gut und die Klassen konnten untereinander als auch klassen\u00fcbergreifend ihr Gemeinschaftsgef\u00fchl st\u00e4rken. Neue Freundschaften wurden geschlossen, neue F\u00e4higkeiten erworben und viele Eindr\u00fccke hinzugewonnen. Es war eine sehr sch\u00f6ne, ereignisreiche und lehrreiche Zeit.<\/p>\n","protected":false},"excerpt":{"rendered":"<p>Der Namensgeber des Martin-Heidegger-Gymnasiums hatte neben Me\u00dfkirch noch eine weitere Heimat: Die Gemeinde Todtnauberg im Schwarzwald. Martin Heidegger verbrachte eine nicht unbetr\u00e4chtliche Zeit seines Lebens in einer H\u00fctte nicht weit von der Jugendherberge, in der die Klassen 6a und 6b dieses Jahr ihr Schullandheim verbringen durften. Gleich am ersten Tag wurde dementsprechend der Martin-Heidegger-Rundweg abgelaufen. [&hellip;]<\/p>\n","protected":false},"author":1,"featured_media":2446,"comment_status":"open","ping_status":"closed","sticky":false,"template":"","format":"standard","meta":{"footnotes":""},"categories":[1],"tags":[],"class_list":["post-2437","post","type-post","status-publish","format-standard","has-post-thumbnail","hentry","category-uncategorized"],"_links":{"self":[{"href":"https:\/\/mhgmesskirch.de\/mhg\/index.php?rest_route=\/wp\/v2\/posts\/2437","targetHints":{"allow":["GET"]}}],"collection":[{"href":"https:\/\/mhgmesskirch.de\/mhg\/index.php?rest_route=\/wp\/v2\/posts"}],"about":[{"href":"https:\/\/mhgmesskirch.de\/mhg\/index.php?rest_route=\/wp\/v2\/types\/post"}],"author":[{"embeddable":true,"href":"https:\/\/mhgmesskirch.de\/mhg\/index.php?rest_route=\/wp\/v2\/users\/1"}],"replies":[{"embeddable":true,"href":"https:\/\/mhgmesskirch.de\/mhg\/index.php?rest_route=%2Fwp%2Fv2%2Fcomments&post=2437"}],"version-history":[{"count":10,"href":"https:\/\/mhgmesskirch.de\/mhg\/index.php?rest_route=\/wp\/v2\/posts\/2437\/revisions"}],"predecessor-version":[{"id":2588,"href":"https:\/\/mhgmesskirch.de\/mhg\/index.php?rest_route=\/wp\/v2\/posts\/2437\/revisions\/2588"}],"wp:featuredmedia":[{"embeddable":true,"href":"https:\/\/mhgmesskirch.de\/mhg\/index.php?rest_route=\/wp\/v2\/media\/2446"}],"wp:attachment":[{"href":"https:\/\/mhgmesskirch.de\/mhg\/index.php?rest_route=%2Fwp%2Fv2%2Fmedia&parent=2437"}],"wp:term":[{"taxonomy":"category","embeddable":true,"href":"https:\/\/mhgmesskirch.de\/mhg\/index.php?rest_route=%2Fwp%2Fv2%2Fcategories&post=2437"},{"taxonomy":"post_tag","embeddable":true,"href":"https:\/\/mhgmesskirch.de\/mhg\/index.php?rest_route=%2Fwp%2Fv2%2Ftags&post=2437"}],"curies":[{"name":"wp","href":"https:\/\/api.w.org\/{rel}","templated":true}]}}