{"id":2539,"date":"2023-10-26T18:17:13","date_gmt":"2023-10-26T18:17:13","guid":{"rendered":"https:\/\/mhgmesskirch.de\/mhg\/?p=2539"},"modified":"2023-10-26T18:17:13","modified_gmt":"2023-10-26T18:17:13","slug":"schuelerinnen-der-jahrgangsstufen-1-und-2-besuchen-ausbildungsboersen-in-der-region","status":"publish","type":"post","link":"https:\/\/mhgmesskirch.de\/mhg\/?p=2539","title":{"rendered":"Sch\u00fcler*innen der Jahrgangsstufen 1 und 2 besuchen Ausbildungsb\u00f6rsen in der Region"},"content":{"rendered":"\n<p>Die Jahrgangsstufen 1 und 2 des Martin-Heidegger-Gymnasiums waren zu Beginn des neuen Schuljahres flei\u00dfig unterwegs und besuchten zwei Ausbildungsmessen im n\u00e4heren Umkreis. Begleitet wurden sie dabei von ihrem Lehrer Matthias Fleisch. Die Jahrgangsstufe 1 war zu Gast an der Hochschule Albstadt-Sigmaringen und wurde dort zun\u00e4chst mit einem einf\u00fchrenden Vortrag im H\u00f6rsaal begr\u00fc\u00dft. Dort kamen unterschiedliche Vertreter aus Hochschule, Industrie und Handwerk zu Wort. Anschlie\u00dfend besuchten die Sch\u00fcler*innen die daran angegliederte Ausbildungsb\u00f6rse, wo zahlreiche Firmen aus der Region an ihren St\u00e4nden Ausbildungs- und Studienm\u00f6glichkeiten pr\u00e4sentierten. Die Jahrgangsstufe 2 fuhr zur Messe nach Pfullendorf und kam dort ebenfalls ins Gespr\u00e4ch mit Repr\u00e4sentanten verschiedener Unternehmen. Beide Veranstaltungen gefielen den Sch\u00fclerinnen sehr und schufen nicht zuletzt einen geeigneten Rahmen, um Kontakte in die Arbeitswelt zu kn\u00fcpfen und \u00fcber die eigene berufliche Zukunft nachzudenken.<\/p>\n\n\n<div class=\"wp-block-image\">\n<figure class=\"aligncenter size-full is-resized\"><img loading=\"lazy\" decoding=\"async\" src=\"https:\/\/mhgmesskirch.de\/mhg\/wp-content\/uploads\/2023\/10\/s.jpg\" alt=\"\" class=\"wp-image-2540\" width=\"389\" height=\"518\"\/><\/figure>\n<\/div>","protected":false},"excerpt":{"rendered":"<p>Die Jahrgangsstufen 1 und 2 des Martin-Heidegger-Gymnasiums waren zu Beginn des neuen Schuljahres flei\u00dfig unterwegs und besuchten zwei Ausbildungsmessen im n\u00e4heren Umkreis. Begleitet wurden sie dabei von ihrem Lehrer Matthias Fleisch. Die Jahrgangsstufe 1 war zu Gast an der Hochschule Albstadt-Sigmaringen und wurde dort zun\u00e4chst mit einem einf\u00fchrenden Vortrag im H\u00f6rsaal begr\u00fc\u00dft. Dort kamen unterschiedliche [&hellip;]<\/p>\n","protected":false},"author":1,"featured_media":2541,"comment_status":"open","ping_status":"closed","sticky":false,"template":"","format":"standard","meta":{"footnotes":""},"categories":[1],"tags":[],"class_list":["post-2539","post","type-post","status-publish","format-standard","has-post-thumbnail","hentry","category-uncategorized"],"_links":{"self":[{"href":"https:\/\/mhgmesskirch.de\/mhg\/index.php?rest_route=\/wp\/v2\/posts\/2539","targetHints":{"allow":["GET"]}}],"collection":[{"href":"https:\/\/mhgmesskirch.de\/mhg\/index.php?rest_route=\/wp\/v2\/posts"}],"about":[{"href":"https:\/\/mhgmesskirch.de\/mhg\/index.php?rest_route=\/wp\/v2\/types\/post"}],"author":[{"embeddable":true,"href":"https:\/\/mhgmesskirch.de\/mhg\/index.php?rest_route=\/wp\/v2\/users\/1"}],"replies":[{"embeddable":true,"href":"https:\/\/mhgmesskirch.de\/mhg\/index.php?rest_route=%2Fwp%2Fv2%2Fcomments&post=2539"}],"version-history":[{"count":1,"href":"https:\/\/mhgmesskirch.de\/mhg\/index.php?rest_route=\/wp\/v2\/posts\/2539\/revisions"}],"predecessor-version":[{"id":2542,"href":"https:\/\/mhgmesskirch.de\/mhg\/index.php?rest_route=\/wp\/v2\/posts\/2539\/revisions\/2542"}],"wp:featuredmedia":[{"embeddable":true,"href":"https:\/\/mhgmesskirch.de\/mhg\/index.php?rest_route=\/wp\/v2\/media\/2541"}],"wp:attachment":[{"href":"https:\/\/mhgmesskirch.de\/mhg\/index.php?rest_route=%2Fwp%2Fv2%2Fmedia&parent=2539"}],"wp:term":[{"taxonomy":"category","embeddable":true,"href":"https:\/\/mhgmesskirch.de\/mhg\/index.php?rest_route=%2Fwp%2Fv2%2Fcategories&post=2539"},{"taxonomy":"post_tag","embeddable":true,"href":"https:\/\/mhgmesskirch.de\/mhg\/index.php?rest_route=%2Fwp%2Fv2%2Ftags&post=2539"}],"curies":[{"name":"wp","href":"https:\/\/api.w.org\/{rel}","templated":true}]}}