{"id":3843,"date":"2025-11-06T20:51:25","date_gmt":"2025-11-06T20:51:25","guid":{"rendered":"https:\/\/mhgmesskirch.de\/mhg\/?p=3843"},"modified":"2025-11-06T20:51:25","modified_gmt":"2025-11-06T20:51:25","slug":"messkircher-medienpraeventionswochen-haben-begonnen","status":"publish","type":"post","link":"https:\/\/mhgmesskirch.de\/mhg\/?p=3843","title":{"rendered":"Me\u00dfkircher Medienpr\u00e4ventionswochen haben begonnen"},"content":{"rendered":"\n<p>Die Bedeutung von Medien im Alltag nimmt best\u00e4ndig zu. Dabei bieten sie eine Vielzahl an nutzbringenden M\u00f6glichkeiten. Gerade f\u00fcr Kinder und Jugendliche haben moderne Medien aber auch ein signifikantes Gefahrenpotential. Um den verantwortungsvollen Umgang mit Medien zu unterst\u00fctzen und \u00fcber die Gefahren aufzukl\u00e4ren, gibt es schon lange eine Vielzahl an Pr\u00e4ventionsma\u00dfnahmen an den Schulen. Da erfolgreiche Pr\u00e4ventionsarbeit immer bedeutsamer wird, haben sich die Me\u00dfkircher Schulen dazu entschlossen, dem Thema in diesem Schuljahr einen besonderen Stellenwert einzur\u00e4umen. Das Martin-Heidegger-Gymnasium, die Grafen-von-Zimmern-Realschule, die Conradin-Kreutzer-Schule, die Gold\u00f6sch-Schule und die Grundschule Rohrdorf gestalten zusammen mit der Polizei, dem Landratsamt Sigmaringen, der Suchtberatungsstelle, der Stadt Me\u00dfkirch und der Schulsozialarbeit (Haus Nazareth) die Medienpr\u00e4ventionswochen, die im Oktober begonnen haben und sich weit ins neue Jahr hineinziehen werden. In \u00fcber 50 Veranstaltungen wird die Mediennutzung in allen Facetten beleuchtet. Das Verhalten in sozialen Netzwerken, Umgang mit Hate-Speech, Datenschutz und Cybermobbing sind nur ein Teil des abwechslungsreichen Programms, das f\u00fcr diese Kooperation auf die Beine gestellt wurde.<\/p>\n\n\n\n<p><a href=\"https:\/\/mhgmesskirch.de\/mhg\/wp-content\/uploads\/2025\/11\/maeprae.pdf\" data-type=\"link\" data-id=\"https:\/\/mhgmesskirch.de\/mhg\/wp-content\/uploads\/2025\/11\/maeprae.pdf\" target=\"_blank\" rel=\"noreferrer noopener\">Das ausf\u00fchrliche Programm gibt es hier zum Download.<\/a><\/p>\n\n\n\n<p><\/p>\n","protected":false},"excerpt":{"rendered":"<p>Die Bedeutung von Medien im Alltag nimmt best\u00e4ndig zu. Dabei bieten sie eine Vielzahl an nutzbringenden M\u00f6glichkeiten. Gerade f\u00fcr Kinder und Jugendliche haben moderne Medien aber auch ein signifikantes Gefahrenpotential. Um den verantwortungsvollen Umgang mit Medien zu unterst\u00fctzen und \u00fcber die Gefahren aufzukl\u00e4ren, gibt es schon lange eine Vielzahl an Pr\u00e4ventionsma\u00dfnahmen an den Schulen. Da [&hellip;]<\/p>\n","protected":false},"author":1,"featured_media":3848,"comment_status":"open","ping_status":"closed","sticky":false,"template":"","format":"standard","meta":{"footnotes":""},"categories":[1],"tags":[],"class_list":["post-3843","post","type-post","status-publish","format-standard","has-post-thumbnail","hentry","category-uncategorized"],"_links":{"self":[{"href":"https:\/\/mhgmesskirch.de\/mhg\/index.php?rest_route=\/wp\/v2\/posts\/3843","targetHints":{"allow":["GET"]}}],"collection":[{"href":"https:\/\/mhgmesskirch.de\/mhg\/index.php?rest_route=\/wp\/v2\/posts"}],"about":[{"href":"https:\/\/mhgmesskirch.de\/mhg\/index.php?rest_route=\/wp\/v2\/types\/post"}],"author":[{"embeddable":true,"href":"https:\/\/mhgmesskirch.de\/mhg\/index.php?rest_route=\/wp\/v2\/users\/1"}],"replies":[{"embeddable":true,"href":"https:\/\/mhgmesskirch.de\/mhg\/index.php?rest_route=%2Fwp%2Fv2%2Fcomments&post=3843"}],"version-history":[{"count":1,"href":"https:\/\/mhgmesskirch.de\/mhg\/index.php?rest_route=\/wp\/v2\/posts\/3843\/revisions"}],"predecessor-version":[{"id":3849,"href":"https:\/\/mhgmesskirch.de\/mhg\/index.php?rest_route=\/wp\/v2\/posts\/3843\/revisions\/3849"}],"wp:featuredmedia":[{"embeddable":true,"href":"https:\/\/mhgmesskirch.de\/mhg\/index.php?rest_route=\/wp\/v2\/media\/3848"}],"wp:attachment":[{"href":"https:\/\/mhgmesskirch.de\/mhg\/index.php?rest_route=%2Fwp%2Fv2%2Fmedia&parent=3843"}],"wp:term":[{"taxonomy":"category","embeddable":true,"href":"https:\/\/mhgmesskirch.de\/mhg\/index.php?rest_route=%2Fwp%2Fv2%2Fcategories&post=3843"},{"taxonomy":"post_tag","embeddable":true,"href":"https:\/\/mhgmesskirch.de\/mhg\/index.php?rest_route=%2Fwp%2Fv2%2Ftags&post=3843"}],"curies":[{"name":"wp","href":"https:\/\/api.w.org\/{rel}","templated":true}]}}