{"id":4071,"date":"2026-01-19T18:47:52","date_gmt":"2026-01-19T18:47:52","guid":{"rendered":"https:\/\/mhgmesskirch.de\/mhg\/?p=4071"},"modified":"2026-01-19T18:47:54","modified_gmt":"2026-01-19T18:47:54","slug":"zukunftsangst-oder-zukunftsmut-klimarat-debatte-gibt-jugendlichen-eine-stimme","status":"publish","type":"post","link":"https:\/\/mhgmesskirch.de\/mhg\/?p=4071","title":{"rendered":"Zukunftsangst oder Zukunftsmut? \u2013 Klimarat-Debatte gibt Jugendlichen eine Stimme"},"content":{"rendered":"\n<p>Unter dem Titel \u201eZukunftsangst oder Zukunftsmut \u2013 was pr\u00e4gt unsere Generation wirklich?\u201c fand die j\u00fcngste Klimarat-Debatte am MHG statt. Eingeladen waren alle Umweltsprecher*innen von Klasse 5 bis 12 sowie interessierte Jugendliche aller Jahrgangsstufen. Im Mittelpunkt stand die Frage, wie junge Menschen ihre Situation in Schule, Gesellschaft und auf der Welt wahrnehmen und mit welchen Hoffnungen und Sorgen sie in die Zukunft blicken. In der offenen und engagierten Debatte zeigte sich ein differenziertes Stimmungsbild: Viele Jugendliche \u00e4u\u00dferten sich zuversichtlich, was ihre pers\u00f6nliche Zukunft und ihr direktes Lebensumfeld betrifft. Gleichzeitig wurden jedoch deutliche Sorgen im Hinblick auf globale Entwicklungen wie Klimakrise, politische Konflikte und soziale Ungerechtigkeiten benannt. Ein zentraler Wunsch der Teilnehmenden war, dass Entscheidungstr\u00e4ger*innen st\u00e4rker mit Jugendlichen ins Gespr\u00e4ch kommen und sie aktiv in die Gestaltung der Zukunft einbeziehen. Dabei wurden auch zahlreiche kreative und durchdachte Ideen eingebracht. Besonders positiv hervorzuheben ist die sehr gelungene Moderation durch Stefan Sp\u00f6ttl aus der 10. Klasse, der souver\u00e4n durch die Diskussion f\u00fchrte und allen Teilnehmenden Raum f\u00fcr ihre Beitr\u00e4ge gab. Die Klimarat-Debatte bildete zugleich den Unterbau f\u00fcr die in dieser Woche am MHG stattfindende gro\u00dfe Jugendkonferenz der 9. und 10. Klassen, bei der die Sch\u00fcler*innen eine weitere M\u00f6glichkeit f\u00fcr gelebte Mitbestimmung und Zukunftsgestaltung an unserer Schule erhalten.<\/p>\n\n\n\n<figure class=\"wp-block-gallery has-nested-images columns-default is-cropped wp-block-gallery-1 is-layout-flex wp-block-gallery-is-layout-flex\">\n<figure class=\"wp-block-image size-large\"><img loading=\"lazy\" decoding=\"async\" width=\"1024\" height=\"819\" data-id=\"4072\" src=\"https:\/\/mhgmesskirch.de\/mhg\/wp-content\/uploads\/2026\/01\/IMG_5442-1024x819.jpg\" alt=\"\" class=\"wp-image-4072\" srcset=\"https:\/\/mhgmesskirch.de\/mhg\/wp-content\/uploads\/2026\/01\/IMG_5442-1024x819.jpg 1024w, https:\/\/mhgmesskirch.de\/mhg\/wp-content\/uploads\/2026\/01\/IMG_5442-300x240.jpg 300w, https:\/\/mhgmesskirch.de\/mhg\/wp-content\/uploads\/2026\/01\/IMG_5442-768x614.jpg 768w, https:\/\/mhgmesskirch.de\/mhg\/wp-content\/uploads\/2026\/01\/IMG_5442-1536x1228.jpg 1536w, https:\/\/mhgmesskirch.de\/mhg\/wp-content\/uploads\/2026\/01\/IMG_5442-2048x1637.jpg 2048w\" sizes=\"auto, (max-width: 1024px) 100vw, 1024px\" \/><\/figure>\n\n\n\n<figure class=\"wp-block-image size-large\"><img loading=\"lazy\" decoding=\"async\" width=\"1024\" height=\"583\" data-id=\"4070\" src=\"https:\/\/mhgmesskirch.de\/mhg\/wp-content\/uploads\/2026\/01\/IMG_5443-1024x583.jpg\" alt=\"\" class=\"wp-image-4070\" srcset=\"https:\/\/mhgmesskirch.de\/mhg\/wp-content\/uploads\/2026\/01\/IMG_5443-1024x583.jpg 1024w, https:\/\/mhgmesskirch.de\/mhg\/wp-content\/uploads\/2026\/01\/IMG_5443-300x171.jpg 300w, https:\/\/mhgmesskirch.de\/mhg\/wp-content\/uploads\/2026\/01\/IMG_5443-768x437.jpg 768w, https:\/\/mhgmesskirch.de\/mhg\/wp-content\/uploads\/2026\/01\/IMG_5443-1536x874.jpg 1536w, https:\/\/mhgmesskirch.de\/mhg\/wp-content\/uploads\/2026\/01\/IMG_5443-2048x1165.jpg 2048w\" sizes=\"auto, (max-width: 1024px) 100vw, 1024px\" \/><\/figure>\n\n\n\n<figure class=\"wp-block-image size-large\"><img loading=\"lazy\" decoding=\"async\" width=\"734\" height=\"1024\" data-id=\"4069\" src=\"https:\/\/mhgmesskirch.de\/mhg\/wp-content\/uploads\/2026\/01\/IMG_5446-734x1024.jpg\" alt=\"\" class=\"wp-image-4069\" srcset=\"https:\/\/mhgmesskirch.de\/mhg\/wp-content\/uploads\/2026\/01\/IMG_5446-734x1024.jpg 734w, https:\/\/mhgmesskirch.de\/mhg\/wp-content\/uploads\/2026\/01\/IMG_5446-215x300.jpg 215w, https:\/\/mhgmesskirch.de\/mhg\/wp-content\/uploads\/2026\/01\/IMG_5446-768x1071.jpg 768w, https:\/\/mhgmesskirch.de\/mhg\/wp-content\/uploads\/2026\/01\/IMG_5446-1101x1536.jpg 1101w, https:\/\/mhgmesskirch.de\/mhg\/wp-content\/uploads\/2026\/01\/IMG_5446-1469x2048.jpg 1469w, https:\/\/mhgmesskirch.de\/mhg\/wp-content\/uploads\/2026\/01\/IMG_5446.jpg 1541w\" sizes=\"auto, (max-width: 734px) 100vw, 734px\" \/><\/figure>\n<\/figure>\n","protected":false},"excerpt":{"rendered":"<p>Unter dem Titel \u201eZukunftsangst oder Zukunftsmut \u2013 was pr\u00e4gt unsere Generation wirklich?\u201c fand die j\u00fcngste Klimarat-Debatte am MHG statt. Eingeladen waren alle Umweltsprecher*innen von Klasse 5 bis 12 sowie interessierte Jugendliche aller Jahrgangsstufen. Im Mittelpunkt stand die Frage, wie junge Menschen ihre Situation in Schule, Gesellschaft und auf der Welt wahrnehmen und mit welchen Hoffnungen [&hellip;]<\/p>\n","protected":false},"author":1,"featured_media":4070,"comment_status":"open","ping_status":"closed","sticky":false,"template":"","format":"standard","meta":{"footnotes":""},"categories":[1],"tags":[],"class_list":["post-4071","post","type-post","status-publish","format-standard","has-post-thumbnail","hentry","category-uncategorized"],"_links":{"self":[{"href":"https:\/\/mhgmesskirch.de\/mhg\/index.php?rest_route=\/wp\/v2\/posts\/4071","targetHints":{"allow":["GET"]}}],"collection":[{"href":"https:\/\/mhgmesskirch.de\/mhg\/index.php?rest_route=\/wp\/v2\/posts"}],"about":[{"href":"https:\/\/mhgmesskirch.de\/mhg\/index.php?rest_route=\/wp\/v2\/types\/post"}],"author":[{"embeddable":true,"href":"https:\/\/mhgmesskirch.de\/mhg\/index.php?rest_route=\/wp\/v2\/users\/1"}],"replies":[{"embeddable":true,"href":"https:\/\/mhgmesskirch.de\/mhg\/index.php?rest_route=%2Fwp%2Fv2%2Fcomments&post=4071"}],"version-history":[{"count":1,"href":"https:\/\/mhgmesskirch.de\/mhg\/index.php?rest_route=\/wp\/v2\/posts\/4071\/revisions"}],"predecessor-version":[{"id":4073,"href":"https:\/\/mhgmesskirch.de\/mhg\/index.php?rest_route=\/wp\/v2\/posts\/4071\/revisions\/4073"}],"wp:featuredmedia":[{"embeddable":true,"href":"https:\/\/mhgmesskirch.de\/mhg\/index.php?rest_route=\/wp\/v2\/media\/4070"}],"wp:attachment":[{"href":"https:\/\/mhgmesskirch.de\/mhg\/index.php?rest_route=%2Fwp%2Fv2%2Fmedia&parent=4071"}],"wp:term":[{"taxonomy":"category","embeddable":true,"href":"https:\/\/mhgmesskirch.de\/mhg\/index.php?rest_route=%2Fwp%2Fv2%2Fcategories&post=4071"},{"taxonomy":"post_tag","embeddable":true,"href":"https:\/\/mhgmesskirch.de\/mhg\/index.php?rest_route=%2Fwp%2Fv2%2Ftags&post=4071"}],"curies":[{"name":"wp","href":"https:\/\/api.w.org\/{rel}","templated":true}]}}