{"id":4105,"date":"2026-01-29T19:28:42","date_gmt":"2026-01-29T19:28:42","guid":{"rendered":"https:\/\/mhgmesskirch.de\/mhg\/?p=4105"},"modified":"2026-01-29T19:28:42","modified_gmt":"2026-01-29T19:28:42","slug":"erfolgreiche-premiere-beim-informatik-biber","status":"publish","type":"post","link":"https:\/\/mhgmesskirch.de\/mhg\/?p=4105","title":{"rendered":"Erfolgreiche Premiere beim Informatik-Biber"},"content":{"rendered":"\n<p>In diesem Schuljahr nahm unser Gymnasium erstmals am bundesweiten Informatik-Wettbewerb <em>Informatik-Biber<\/em> teil. Die Teilnahme erfolgte zun\u00e4chst in einer Testphase mit einer noch \u00fcberschaubaren Anzahl an Sch\u00fclerinnen und Sch\u00fclern.<\/p>\n\n\n\n<p>Trotz der erstmaligen Durchf\u00fchrung zeigten die Teilnehmenden gro\u00dfes Interesse und Engagement. Besonders erfreulich ist, dass zwei Sch\u00fcler f\u00fcr ihre Leistungen ausgezeichnet wurden und die <strong>Preisr\u00e4nge <\/strong>erreichten.<\/p>\n\n\n\n<p>Im Zuge der St\u00e4rkung des Informatikunterrichts im Rahmen von <strong>G9<\/strong> ist geplant, den Wettbewerb in den kommenden Jahren fest zu etablieren und die Zahl der Teilnehmenden deutlich zu erh\u00f6hen. Der Informatik-Biber bietet eine motivierende M\u00f6glichkeit, informatisches Denken zu f\u00f6rdern und das Interesse an digitalen Themen weiter auszubauen.<\/p>\n\n\n\n<figure class=\"wp-block-image size-large\"><img loading=\"lazy\" decoding=\"async\" width=\"1024\" height=\"768\" src=\"https:\/\/mhgmesskirch.de\/mhg\/wp-content\/uploads\/2026\/01\/Informatik-Biber-2025-1024x768.jpg\" alt=\"\" class=\"wp-image-4107\" srcset=\"https:\/\/mhgmesskirch.de\/mhg\/wp-content\/uploads\/2026\/01\/Informatik-Biber-2025-1024x768.jpg 1024w, https:\/\/mhgmesskirch.de\/mhg\/wp-content\/uploads\/2026\/01\/Informatik-Biber-2025-300x225.jpg 300w, https:\/\/mhgmesskirch.de\/mhg\/wp-content\/uploads\/2026\/01\/Informatik-Biber-2025-768x576.jpg 768w, https:\/\/mhgmesskirch.de\/mhg\/wp-content\/uploads\/2026\/01\/Informatik-Biber-2025-1536x1152.jpg 1536w, https:\/\/mhgmesskirch.de\/mhg\/wp-content\/uploads\/2026\/01\/Informatik-Biber-2025-2048x1536.jpg 2048w\" sizes=\"auto, (max-width: 1024px) 100vw, 1024px\" \/><figcaption class=\"wp-element-caption\">Die Preistr\u00e4ger des Informatik-Biber-Wettbewerbs Maven Haug (6b, 3. Rang) und Jonathan St\u00fcrmer (6a, 2. Preis)<\/figcaption><\/figure>\n","protected":false},"excerpt":{"rendered":"<p>In diesem Schuljahr nahm unser Gymnasium erstmals am bundesweiten Informatik-Wettbewerb Informatik-Biber teil. Die Teilnahme erfolgte zun\u00e4chst in einer Testphase mit einer noch \u00fcberschaubaren Anzahl an Sch\u00fclerinnen und Sch\u00fclern. Trotz der erstmaligen Durchf\u00fchrung zeigten die Teilnehmenden gro\u00dfes Interesse und Engagement. Besonders erfreulich ist, dass zwei Sch\u00fcler f\u00fcr ihre Leistungen ausgezeichnet wurden und die Preisr\u00e4nge erreichten. Im [&hellip;]<\/p>\n","protected":false},"author":1,"featured_media":4107,"comment_status":"open","ping_status":"closed","sticky":false,"template":"","format":"standard","meta":{"footnotes":""},"categories":[1],"tags":[],"class_list":["post-4105","post","type-post","status-publish","format-standard","has-post-thumbnail","hentry","category-uncategorized"],"_links":{"self":[{"href":"https:\/\/mhgmesskirch.de\/mhg\/index.php?rest_route=\/wp\/v2\/posts\/4105","targetHints":{"allow":["GET"]}}],"collection":[{"href":"https:\/\/mhgmesskirch.de\/mhg\/index.php?rest_route=\/wp\/v2\/posts"}],"about":[{"href":"https:\/\/mhgmesskirch.de\/mhg\/index.php?rest_route=\/wp\/v2\/types\/post"}],"author":[{"embeddable":true,"href":"https:\/\/mhgmesskirch.de\/mhg\/index.php?rest_route=\/wp\/v2\/users\/1"}],"replies":[{"embeddable":true,"href":"https:\/\/mhgmesskirch.de\/mhg\/index.php?rest_route=%2Fwp%2Fv2%2Fcomments&post=4105"}],"version-history":[{"count":1,"href":"https:\/\/mhgmesskirch.de\/mhg\/index.php?rest_route=\/wp\/v2\/posts\/4105\/revisions"}],"predecessor-version":[{"id":4108,"href":"https:\/\/mhgmesskirch.de\/mhg\/index.php?rest_route=\/wp\/v2\/posts\/4105\/revisions\/4108"}],"wp:featuredmedia":[{"embeddable":true,"href":"https:\/\/mhgmesskirch.de\/mhg\/index.php?rest_route=\/wp\/v2\/media\/4107"}],"wp:attachment":[{"href":"https:\/\/mhgmesskirch.de\/mhg\/index.php?rest_route=%2Fwp%2Fv2%2Fmedia&parent=4105"}],"wp:term":[{"taxonomy":"category","embeddable":true,"href":"https:\/\/mhgmesskirch.de\/mhg\/index.php?rest_route=%2Fwp%2Fv2%2Fcategories&post=4105"},{"taxonomy":"post_tag","embeddable":true,"href":"https:\/\/mhgmesskirch.de\/mhg\/index.php?rest_route=%2Fwp%2Fv2%2Ftags&post=4105"}],"curies":[{"name":"wp","href":"https:\/\/api.w.org\/{rel}","templated":true}]}}