{"id":4167,"date":"2026-03-11T14:43:23","date_gmt":"2026-03-11T14:43:23","guid":{"rendered":"https:\/\/mhgmesskirch.de\/mhg\/?p=4167"},"modified":"2026-03-11T14:44:32","modified_gmt":"2026-03-11T14:44:32","slug":"vorang-auf-fuer-kleist-deutschkurse-im-theater-sigmaringen-2","status":"publish","type":"post","link":"https:\/\/mhgmesskirch.de\/mhg\/?p=4167","title":{"rendered":"Unterwegs in der Eiszeit"},"content":{"rendered":"\n<p>Die Sch\u00fclerinnen und Sch\u00fcler des Basisfach Plus Geographie der Klassenstufe 12 des Martin-Heidegger-Gymnasiums unternahmen eine dreit\u00e4gige Exkursion in den S\u00fcdschwarzwald und nach Freiburg.<\/p>\n\n\n\n<p>Am ersten Tag f\u00fchrte eine Wanderung \u00fcber das Kunzenmoos zum Feldsee und zur\u00fcck. Auf der Wanderung wurden Spuren der letzten Eiszeit wie Rundh\u00f6cker, Kare und Trogt\u00e4ler untersucht. Anschaulich zeigte sich besonders die typische Karform, in welcher der Feldsee liegt. Auch am zweiten Tag stand bei einer Wanderung ins Albtal der glaziale Formenschatz mit den gut sichtbaren End- und Seitenmor\u00e4nen im Mittelpunkt.<\/p>\n\n\n\n<p>Am dritten Tag besuchte die Gruppe Freiburg im Breisgau. Neben Wissen zu historischen und aktuellen Prozessen der Stadtentwicklung, erhielten die Sch\u00fclerinnen und Sch\u00fcler im Stadtteil Vauban Einblicke in nachhaltigen St\u00e4dtebau und innovative Verkehrskonzepte.<\/p>\n\n\n\n<p>Die Exkursion verband theoretische Unterrichtsinhalte mit praktischen Erfahrungen vor Ort und bot wertvolle Einblicke in verschiedene geographische Bereiche.<\/p>\n\n\n\n<figure class=\"wp-block-image size-large\"><img loading=\"lazy\" decoding=\"async\" width=\"1024\" height=\"819\" src=\"https:\/\/mhgmesskirch.de\/mhg\/wp-content\/uploads\/2026\/03\/Geo-Exkursion-1024x819.jpeg\" alt=\"\" class=\"wp-image-4165\" srcset=\"https:\/\/mhgmesskirch.de\/mhg\/wp-content\/uploads\/2026\/03\/Geo-Exkursion-1024x819.jpeg 1024w, https:\/\/mhgmesskirch.de\/mhg\/wp-content\/uploads\/2026\/03\/Geo-Exkursion-300x240.jpeg 300w, https:\/\/mhgmesskirch.de\/mhg\/wp-content\/uploads\/2026\/03\/Geo-Exkursion-768x614.jpeg 768w, https:\/\/mhgmesskirch.de\/mhg\/wp-content\/uploads\/2026\/03\/Geo-Exkursion-1536x1229.jpeg 1536w, https:\/\/mhgmesskirch.de\/mhg\/wp-content\/uploads\/2026\/03\/Geo-Exkursion-2048x1638.jpeg 2048w\" sizes=\"auto, (max-width: 1024px) 100vw, 1024px\" \/><\/figure>\n","protected":false},"excerpt":{"rendered":"<p>Die Sch\u00fclerinnen und Sch\u00fcler des Basisfach Plus Geographie der Klassenstufe 12 des Martin-Heidegger-Gymnasiums unternahmen eine dreit\u00e4gige Exkursion in den S\u00fcdschwarzwald und nach Freiburg. Am ersten Tag f\u00fchrte eine Wanderung \u00fcber das Kunzenmoos zum Feldsee und zur\u00fcck. Auf der Wanderung wurden Spuren der letzten Eiszeit wie Rundh\u00f6cker, Kare und Trogt\u00e4ler untersucht. Anschaulich zeigte sich besonders die [&hellip;]<\/p>\n","protected":false},"author":1,"featured_media":4165,"comment_status":"open","ping_status":"closed","sticky":false,"template":"","format":"standard","meta":{"footnotes":""},"categories":[1],"tags":[],"class_list":["post-4167","post","type-post","status-publish","format-standard","has-post-thumbnail","hentry","category-uncategorized"],"_links":{"self":[{"href":"https:\/\/mhgmesskirch.de\/mhg\/index.php?rest_route=\/wp\/v2\/posts\/4167","targetHints":{"allow":["GET"]}}],"collection":[{"href":"https:\/\/mhgmesskirch.de\/mhg\/index.php?rest_route=\/wp\/v2\/posts"}],"about":[{"href":"https:\/\/mhgmesskirch.de\/mhg\/index.php?rest_route=\/wp\/v2\/types\/post"}],"author":[{"embeddable":true,"href":"https:\/\/mhgmesskirch.de\/mhg\/index.php?rest_route=\/wp\/v2\/users\/1"}],"replies":[{"embeddable":true,"href":"https:\/\/mhgmesskirch.de\/mhg\/index.php?rest_route=%2Fwp%2Fv2%2Fcomments&post=4167"}],"version-history":[{"count":2,"href":"https:\/\/mhgmesskirch.de\/mhg\/index.php?rest_route=\/wp\/v2\/posts\/4167\/revisions"}],"predecessor-version":[{"id":4170,"href":"https:\/\/mhgmesskirch.de\/mhg\/index.php?rest_route=\/wp\/v2\/posts\/4167\/revisions\/4170"}],"wp:featuredmedia":[{"embeddable":true,"href":"https:\/\/mhgmesskirch.de\/mhg\/index.php?rest_route=\/wp\/v2\/media\/4165"}],"wp:attachment":[{"href":"https:\/\/mhgmesskirch.de\/mhg\/index.php?rest_route=%2Fwp%2Fv2%2Fmedia&parent=4167"}],"wp:term":[{"taxonomy":"category","embeddable":true,"href":"https:\/\/mhgmesskirch.de\/mhg\/index.php?rest_route=%2Fwp%2Fv2%2Fcategories&post=4167"},{"taxonomy":"post_tag","embeddable":true,"href":"https:\/\/mhgmesskirch.de\/mhg\/index.php?rest_route=%2Fwp%2Fv2%2Ftags&post=4167"}],"curies":[{"name":"wp","href":"https:\/\/api.w.org\/{rel}","templated":true}]}}