{"id":4173,"date":"2026-03-16T16:04:41","date_gmt":"2026-03-16T16:04:41","guid":{"rendered":"https:\/\/mhgmesskirch.de\/mhg\/?p=4173"},"modified":"2026-03-16T16:04:45","modified_gmt":"2026-03-16T16:04:45","slug":"bunte-fastnacht","status":"publish","type":"post","link":"https:\/\/mhgmesskirch.de\/mhg\/?p=4173","title":{"rendered":"Bunte Fastnacht"},"content":{"rendered":"\n<p>Auch in diesem Jahr feierte das MHG am Schmotizgen gemeinsam den Start in die Fasnet. In der geschm\u00fcckte Schulaula fand ein abwechslungsreiches und spannendes Programm statt. Alle B- und C-Klassen hatten im Vorfeld kreative Beitr\u00e4ge vorbereitet \u2013 von T\u00e4nzen bis hin zu Quizrunden. Moderiert wurde die Veranstaltung von Lina Steidle und Caroline Benkler, die gemeinsam durch das Programm f\u00fchrten. F\u00fcr das leibliche Wohl sorgten die A-Klassen mit einem bunten B\u00fcffet. Gegen halb zehn wurden schlie\u00dflich alle Sch\u00fclerinnen und Sch\u00fcler von den Me\u00dfkircher Narren befreit. Mit der traditionellen Befreiung fand die Fasnetsveranstaltung ihren Abschluss und die Sch\u00fcler*innen wurden in die wohlverdienten Ferien entlassen!<\/p>\n\n\n\n<figure class=\"wp-block-image size-large\"><img loading=\"lazy\" decoding=\"async\" width=\"768\" height=\"1024\" src=\"https:\/\/mhgmesskirch.de\/mhg\/wp-content\/uploads\/2026\/03\/Fastnacht-768x1024.jpeg\" alt=\"\" class=\"wp-image-4175\" srcset=\"https:\/\/mhgmesskirch.de\/mhg\/wp-content\/uploads\/2026\/03\/Fastnacht-768x1024.jpeg 768w, https:\/\/mhgmesskirch.de\/mhg\/wp-content\/uploads\/2026\/03\/Fastnacht-225x300.jpeg 225w, https:\/\/mhgmesskirch.de\/mhg\/wp-content\/uploads\/2026\/03\/Fastnacht-1152x1536.jpeg 1152w, https:\/\/mhgmesskirch.de\/mhg\/wp-content\/uploads\/2026\/03\/Fastnacht.jpeg 1200w\" sizes=\"auto, (max-width: 768px) 100vw, 768px\" \/><\/figure>\n","protected":false},"excerpt":{"rendered":"<p>Auch in diesem Jahr feierte das MHG am Schmotizgen gemeinsam den Start in die Fasnet. In der geschm\u00fcckte Schulaula fand ein abwechslungsreiches und spannendes Programm statt. Alle B- und C-Klassen hatten im Vorfeld kreative Beitr\u00e4ge vorbereitet \u2013 von T\u00e4nzen bis hin zu Quizrunden. Moderiert wurde die Veranstaltung von Lina Steidle und Caroline Benkler, die gemeinsam [&hellip;]<\/p>\n","protected":false},"author":1,"featured_media":4175,"comment_status":"open","ping_status":"closed","sticky":false,"template":"","format":"standard","meta":{"footnotes":""},"categories":[1],"tags":[],"class_list":["post-4173","post","type-post","status-publish","format-standard","has-post-thumbnail","hentry","category-uncategorized"],"_links":{"self":[{"href":"https:\/\/mhgmesskirch.de\/mhg\/index.php?rest_route=\/wp\/v2\/posts\/4173","targetHints":{"allow":["GET"]}}],"collection":[{"href":"https:\/\/mhgmesskirch.de\/mhg\/index.php?rest_route=\/wp\/v2\/posts"}],"about":[{"href":"https:\/\/mhgmesskirch.de\/mhg\/index.php?rest_route=\/wp\/v2\/types\/post"}],"author":[{"embeddable":true,"href":"https:\/\/mhgmesskirch.de\/mhg\/index.php?rest_route=\/wp\/v2\/users\/1"}],"replies":[{"embeddable":true,"href":"https:\/\/mhgmesskirch.de\/mhg\/index.php?rest_route=%2Fwp%2Fv2%2Fcomments&post=4173"}],"version-history":[{"count":1,"href":"https:\/\/mhgmesskirch.de\/mhg\/index.php?rest_route=\/wp\/v2\/posts\/4173\/revisions"}],"predecessor-version":[{"id":4176,"href":"https:\/\/mhgmesskirch.de\/mhg\/index.php?rest_route=\/wp\/v2\/posts\/4173\/revisions\/4176"}],"wp:featuredmedia":[{"embeddable":true,"href":"https:\/\/mhgmesskirch.de\/mhg\/index.php?rest_route=\/wp\/v2\/media\/4175"}],"wp:attachment":[{"href":"https:\/\/mhgmesskirch.de\/mhg\/index.php?rest_route=%2Fwp%2Fv2%2Fmedia&parent=4173"}],"wp:term":[{"taxonomy":"category","embeddable":true,"href":"https:\/\/mhgmesskirch.de\/mhg\/index.php?rest_route=%2Fwp%2Fv2%2Fcategories&post=4173"},{"taxonomy":"post_tag","embeddable":true,"href":"https:\/\/mhgmesskirch.de\/mhg\/index.php?rest_route=%2Fwp%2Fv2%2Ftags&post=4173"}],"curies":[{"name":"wp","href":"https:\/\/api.w.org\/{rel}","templated":true}]}}